{"id":45922,"date":"2018-06-06T00:00:00","date_gmt":"2018-06-06T03:00:00","guid":{"rendered":"https:\/\/rockcontent.com\/br\/talent-blog\/blogueiros-brasileiros\/"},"modified":"2025-09-12T00:00:46","modified_gmt":"2025-09-12T03:00:46","slug":"blogueiros-brasileiros","status":"publish","type":"post","link":"https:\/\/pingback.com\/br\/talent-blog\/blogueiros-brasileiros\/","title":{"rendered":"16 blogueiros brasileiros que viajam o mundo com estilo"},"content":{"rendered":"\n<p>Seu sonho sempre foi <a href=\"https:\/\/pingback.com\/br\/talent-blog\/como-viajar-de-graca\/\" target=\"_blank\" rel=\"noopener noreferrer\">viajar o mundo<\/a>, mas n\u00e3o sabe como \u00e9 poss\u00edvel fazer isso trabalhando? Listamos alguns dos blogueiros brasileiros que equilibram as duas tarefas e fazem parte da gera\u00e7\u00e3o conhecida como <a href=\"https:\/\/pingback.com\/br\/talent-blog\/nomade-digital\/\" target=\"_blank\" rel=\"noopener noreferrer\">n\u00f4mades digitais<\/a>.<\/p>\n<p>S\u00e3o n\u00f4mades digitais todas aquelas pessoas que conseguem executar as respectivas fun\u00e7\u00f5es remotamente e, portanto, t\u00eam liberdade para trabalhar quando e de onde quiserem. Essa liberdade, aliada a um bom planejamento e \u00e0 vontade de sair por a\u00ed conhecendo o nosso planeta, criou uma gera\u00e7\u00e3o de profissionais decididos, que circulam o globo e vivem aventuras sem deixar de lado suas responsabilidades.<\/p>\n<p>Que tal uma carreira assim? Veja como cada um desses blogueiros brasileiros faz com que ela seja poss\u00edvel!<\/p>\n<h2>1. Matheus de Souza<\/h2>\n<p><a href=\"\/\/matheusdesouza.com\/\" target=\"_blank\" rel=\"noopener noreferrer\">Matheus de Souza<\/a> \u00e9 um blogueiro brasileiro que produz conte\u00fado para portais como o Transforma\u00e7\u00e3o Digital, Be Freela e tamb\u00e9m para a Comunidade Rock Content.<\/p>\n<p>Ele \u00e9 uma das Top Voices do LinkedIn e, gra\u00e7as ao destaque obtido em sua carreira, p\u00f4de optar pela vida como n\u00f4made digital. Ensinando pessoas a serem livres e a trabalharem como freelancers, Matheus escreve sobre o tema e busca ensinar seus leitores a encontrar as oportunidades certas para perseguirem seus sonhos.<\/p>\n<p><img data-opt-id=1709294648  data-opt-src=\"https:\/\/mlgzkyrbq6eh.i.optimole.com\/w:auto\/h:auto\/q:mauto\/https:\/\/pingback.com\/br\/talent-blog\/wp-content\/uploads\/2018\/06\/32178578_2090685857813757_4059978962242109440_n-e1528292171617.jpg\"       decoding=\"async\" class=\"aligncenter wp-image-9578 size-full\" src=\"data:image/svg+xml,%3Csvg%20viewBox%3D%220%200%20100%%20100%%22%20width%3D%22100%%22%20height%3D%22100%%22%20xmlns%3D%22http%3A%2F%2Fwww.w3.org%2F2000%2Fsvg%22%3E%3Crect%20width%3D%22100%%22%20height%3D%22100%%22%20fill%3D%22transparent%22%2F%3E%3C%2Fsvg%3E\" alt=\"Matheus de Souza\" width=\"350\" height=\"438\" \/><\/p>\n<p style=\"text-align: center;\"><em>Foto: <a href=\"\/\/www.linkedin.com\/in\/laisschulz\/\" target=\"_blank\" rel=\"noopener noreferrer\">La\u00eds Schulz<\/a><\/em><\/p>\n<h2>2. La\u00eds Schulz<\/h2>\n<p>La\u00eds \u00e9 autora do portal <a href=\"\/\/befreela.com\/\" target=\"_blank\" rel=\"noopener noreferrer\">Be Freela<\/a>, dedicado a guiar a atua\u00e7\u00e3o profissional de freelancers no Brasil, al\u00e9m de ser produtora de conte\u00fado e fot\u00f3grafa.<\/p>\n<p>\u00c9 ela quem est\u00e1 por tr\u00e1s das belas fotos que vemos no <a href=\"\/\/www.instagram.com\/matheusdesouzacom\/\" target=\"_blank\" rel=\"noopener noreferrer\">instagram do Matheus de Souza<\/a>, seu marido.<\/p>\n<p>Ela escreve sobre a sua vida como n\u00f4made digital e busca passar para os leitores dicas de como ingressar nessa carreira. Embora o foco do Be Freela seja a busca da liberdade na pr\u00f3pria profiss\u00e3o, La\u00eds tamb\u00e9m compartilha ali um pouco de sua rotina e do trabalho que realizou para grandes marcas.<\/p>\n<p><img data-opt-id=90642799  data-opt-src=\"https:\/\/mlgzkyrbq6eh.i.optimole.com\/w:auto\/h:auto\/q:mauto\/https:\/\/pingback.com\/br\/talent-blog\/wp-content\/uploads\/2018\/06\/30085179_1874559556169956_6797971590685392896_n-e1528292199695.jpg\"  decoding=\"async\" class=\"aligncenter wp-image-9579 size-full\" src=\"data:image/svg+xml,%3Csvg%20viewBox%3D%220%200%20100%%20100%%22%20width%3D%22100%%22%20height%3D%22100%%22%20xmlns%3D%22http%3A%2F%2Fwww.w3.org%2F2000%2Fsvg%22%3E%3Crect%20width%3D%22100%%22%20height%3D%22100%%22%20fill%3D%22transparent%22%2F%3E%3C%2Fsvg%3E\" alt=\"\" width=\"350\" height=\"437\" \/><\/p>\n<p style=\"text-align: center;\"><em>Foto: <a href=\"\/\/www.instagram.com\/p\/Bhy9rGMnAKT\/?taken-by=lais_schulz\" target=\"_blank\" rel=\"noopener noreferrer\">@lais_schulz<\/a><\/em><\/p>\n<h2>3. Henrique Carvalho<\/h2>\n<p><a href=\"\/\/pingback.com\/br\/resources\/henrique-carvalho\/\" target=\"_blank\" rel=\"noopener noreferrer\">Henrique Carvalho<\/a> \u00e9 um dos blogueiros brasileiros que se tornaram sin\u00f4nimo de sucesso. Sua carreira come\u00e7ou quando ele decidiu mostrar para o mundo que era poss\u00edvel viver de blog e, desde ent\u00e3o, ele empreende digitalmente, ajudando pessoas a viabilizarem suas carreiras e se tornarem n\u00f4mades digitais.<\/p>\n<p>Ele, que se interessou por blogs ainda quando era estudante de Economia, hoje d\u00e1 dicas de produtividade para profissionais de Marketing Digital profissionalmente e viaja o mundo nas horas vagas.<\/p>\n<p><img data-opt-id=581914744  data-opt-src=\"https:\/\/mlgzkyrbq6eh.i.optimole.com\/w:auto\/h:auto\/q:mauto\/https:\/\/pingback.com\/br\/talent-blog\/wp-content\/uploads\/2018\/06\/15625570_691395027703064_5504551827401605120_n-e1528292451515.jpg\"  decoding=\"async\" class=\"aligncenter wp-image-9580 size-full\" src=\"data:image/svg+xml,%3Csvg%20viewBox%3D%220%200%20100%%20100%%22%20width%3D%22100%%22%20height%3D%22100%%22%20xmlns%3D%22http%3A%2F%2Fwww.w3.org%2F2000%2Fsvg%22%3E%3Crect%20width%3D%22100%%22%20height%3D%22100%%22%20fill%3D%22transparent%22%2F%3E%3C%2Fsvg%3E\" alt=\"Henrique Carvalho\" width=\"350\" height=\"263\" \/><\/p>\n<p style=\"text-align: center;\"><em>Foto: <a href=\"\/\/www.instagram.com\/p\/BOsqQI2hI-e\/?taken-by=henrique_carvalho\" target=\"_blank\" rel=\"noopener noreferrer\">@henrique_carvalho<\/a><\/em><\/p>\n<p>Antes de continuar lendo para conhecer os outros 12 nomes da lista, confira nosso ebook sobre <a href=\"https:\/\/pingback.com\/br\/talent-blog\/como-se-iniciar-na-carreira-freelancer?utm_source=comunidade&amp;utm_medium=cta-texto\" target=\"_blank\" rel=\"noopener noreferrer\">Iniciar na Carreira Freelancer<\/a>!<\/p>\n<h2>4. Jaque Barbosa e Eme Viegas (N\u00f4mades Digitais)<\/h2>\n<p><img data-opt-id=1474441633  data-opt-src=\"https:\/\/mlgzkyrbq6eh.i.optimole.com\/w:auto\/h:auto\/q:mauto\/https:\/\/pingback.com\/br\/talent-blog\/wp-content\/uploads\/2018\/06\/24327676_171753600078537_3848319761259692032_n-e1531241133856.jpg\"  loading=\"lazy\" loading=\"lazy\" loading=\"lazy\" loading=\"lazy\" loading=\"lazy\" decoding=\"async\" class=\"aligncenter wp-image-9917 size-full\" src=\"data:image/svg+xml,%3Csvg%20viewBox%3D%220%200%20100%%20100%%22%20width%3D%22100%%22%20height%3D%22100%%22%20xmlns%3D%22http%3A%2F%2Fwww.w3.org%2F2000%2Fsvg%22%3E%3Crect%20width%3D%22100%%22%20height%3D%22100%%22%20fill%3D%22transparent%22%2F%3E%3C%2Fsvg%3E\" alt=\"n\u00f4mades digitais\" width=\"350\" height=\"350\" \/><\/p>\n<p style=\"text-align: center;\"><em>Foto: <a href=\"\/\/www.instagram.com\/p\/BcUvW6OgV8Q\/?taken-by=nomadesdigitais\" target=\"_blank\" rel=\"noopener noreferrer\">@nomadesdigitais<\/a><\/em><\/p>\n<p>O casal foi um dos pioneiros da cria\u00e7\u00e3o de blogs na internet brasileira e \u00e9 respons\u00e1vel pelos projetos\u00a0<a href=\"\/\/www.hypeness.com.br\/\" target=\"_blank\" rel=\"noopener noreferrer\">Hypeness<\/a>, <a href=\"https:\/\/nomadesdigitais.com\/\" target=\"_blank\" rel=\"noopener noreferrer\">N\u00f4mades Digitais<\/a> e <a href=\"\/\/www.casalsemvergonha.com.br\/\" target=\"_blank\" rel=\"noopener noreferrer\">Casal Sem Vergonha<\/a>.<\/p>\n<p>Eles fundaram uma empresa na \u00e1rea de comunica\u00e7\u00e3o digital, totalmente independente de barreiras f\u00edsicas, e hoje eles trabalham viajando pelo mundo e ainda d\u00e3o dicas para seus seguidores em um canal no YouTube:<\/p>\n<p>httpss:\/\/www.youtube.com\/watch?v=YmFvCMaVGzE<\/p>\n<h2>5. Cid (N\u00e3o Salvo)<\/h2>\n<p>O Cid \u00e9 um nome conhecido na blogosfera brasileira h\u00e1 muitos anos. Autor do blog <a href=\"\/\/www.naosalvo.com.br\/\" target=\"_blank\" rel=\"noopener noreferrer\">N\u00e3o Salvo<\/a>, o empreendedor digital \u00e9 conhecido pelas brincadeiras e memes que cria para a internet. Entretanto, a sua atua\u00e7\u00e3o profissional n\u00e3o se resume a isso e o blogueiro (que \u00e9 tido como o mais famoso do Brasil) recebe mais de 27 milh\u00f5es de visitas por m\u00eas nos conte\u00fados que produz.<\/p>\n<p>Depois de transformar o hobby em profiss\u00e3o, Cid, que ficou famoso ainda no Orkut tornou-se um dos n\u00f4mades digitais mais bem-sucedidos do pa\u00eds. Atualmente ele faz palestras e cria tamb\u00e9m conte\u00fados para o YouTube ainda que raramente <a href=\"https:\/\/pingback.com\/br\/talent-blog\/aumentar-a-produtividade\/\" target=\"_blank\" rel=\"noopener noreferrer\">pare em casa<\/a>.<\/p>\n<p><img data-opt-id=16049895  data-opt-src=\"https:\/\/mlgzkyrbq6eh.i.optimole.com\/w:auto\/h:auto\/q:mauto\/https:\/\/pingback.com\/br\/talent-blog\/wp-content\/uploads\/2018\/06\/28763265_201310197127416_2500147510073360384_n-e1528292629609.jpg\"  loading=\"lazy\" loading=\"lazy\" loading=\"lazy\" loading=\"lazy\" loading=\"lazy\" decoding=\"async\" class=\"aligncenter size-full wp-image-9581\" src=\"data:image/svg+xml,%3Csvg%20viewBox%3D%220%200%20100%%20100%%22%20width%3D%22100%%22%20height%3D%22100%%22%20xmlns%3D%22http%3A%2F%2Fwww.w3.org%2F2000%2Fsvg%22%3E%3Crect%20width%3D%22100%%22%20height%3D%22100%%22%20fill%3D%22transparent%22%2F%3E%3C%2Fsvg%3E\" alt=\"Cid N\u00e3o Salvo\" width=\"350\" height=\"338\" \/><\/p>\n<p style=\"text-align: center;\"><em>Foto: <a href=\"\/\/www.instagram.com\/p\/Bgm8RmTgIMb\/?taken-by=naosalvo\" target=\"_blank\" rel=\"noopener noreferrer\">@naosalvo<\/a><\/em><\/p>\n<h2>6. Bruna Caricati<\/h2>\n<p>Bruna curte a vida como mochileira e conta tudo a respeito da sua rotina no blog <a href=\"https:\/\/www.gotogatebrasil.com.br\/\" target=\"_blank\" rel=\"noopener noreferrer\">Go to Gate Brasi<\/a>l. A mo\u00e7a decidiu se jogar na carreira de n\u00f4made digital e, ao longo do caminho, viu na <a href=\"https:\/\/pingback.com\/br\/talent-blog\/como-trabalhar-e-viajar-pelo-mundo\/\" target=\"_blank\" rel=\"noopener noreferrer\">produ\u00e7\u00e3o de conte\u00fado<\/a> uma maneira de publicar aquilo que gosta e transformar isso na sua profiss\u00e3o.<\/p>\n<p>Ela compartilha dicas de viagem e at\u00e9 truques para praticar exerc\u00edcios quando estiver fora de casa. Tamb\u00e9m trabalha como jornalista freelancer enquanto se muda, periodicamente, de pa\u00eds para pa\u00eds.<\/p>\n<p><img data-opt-id=294447620  data-opt-src=\"https:\/\/mlgzkyrbq6eh.i.optimole.com\/w:auto\/h:auto\/q:mauto\/https:\/\/pingback.com\/br\/talent-blog\/wp-content\/uploads\/2018\/06\/163094_480044661599_560808_n-e1528292976396.jpg\"  loading=\"lazy\" loading=\"lazy\" loading=\"lazy\" loading=\"lazy\" loading=\"lazy\" decoding=\"async\" class=\"aligncenter wp-image-9583 size-full\" src=\"data:image/svg+xml,%3Csvg%20viewBox%3D%220%200%20100%%20100%%22%20width%3D%22100%%22%20height%3D%22100%%22%20xmlns%3D%22http%3A%2F%2Fwww.w3.org%2F2000%2Fsvg%22%3E%3Crect%20width%3D%22100%%22%20height%3D%22100%%22%20fill%3D%22transparent%22%2F%3E%3C%2Fsvg%3E\" alt=\"Bruna Caricati\" width=\"350\" height=\"308\" \/><\/p>\n<p style=\"text-align: center;\"><em>Foto: <a href=\"https:\/\/www.gotogatebrasil.com.br\/deserto-real-e-deserto-fake-no-marrocos\/\" target=\"_blank\" rel=\"noopener noreferrer\">Go to Gate Brasil<\/a><\/em><\/p>\n<h2>7. Lu\u00edza Antunes, Nat\u00e1lia Becattini e Rafael Sette C\u00e2mara (360meridianos)<\/h2>\n<p>O <a href=\"\/\/www.360meridianos.com\/\" target=\"_blank\" rel=\"noopener noreferrer\">360meridianos<\/a> \u00e9 um dos blogs de viagens mais populares do Brasil e os respons\u00e1veis pelo seu conte\u00fado t\u00eam uma miss\u00e3o: escrever sobre tantos lugares do mundo quanto poss\u00edvel destacando as principais curiosidades que encontram por a\u00ed.<\/p>\n<p>\u00c9 poss\u00edvel acompanhar suas viagens tanto no website, com conte\u00fados exclusivos, quanto no Instagram, rede social que eles utilizam para postar as fotos incr\u00edveis que tiram por a\u00ed.<\/p>\n<p>O objetivo? Conhecer todo o planeta enquanto produzem conte\u00fado exclusivo para seus visitantes!<\/p>\n<p><img data-opt-id=1942169630  data-opt-src=\"https:\/\/mlgzkyrbq6eh.i.optimole.com\/w:auto\/h:auto\/q:mauto\/https:\/\/pingback.com\/br\/talent-blog\/wp-content\/uploads\/2018\/06\/VIAGEM-IRLANDA-DO-NORTE-min-e1528293328612.jpg\"  loading=\"lazy\" loading=\"lazy\" loading=\"lazy\" loading=\"lazy\" loading=\"lazy\" decoding=\"async\" class=\"aligncenter size-full wp-image-9584\" src=\"data:image/svg+xml,%3Csvg%20viewBox%3D%220%200%20100%%20100%%22%20width%3D%22100%%22%20height%3D%22100%%22%20xmlns%3D%22http%3A%2F%2Fwww.w3.org%2F2000%2Fsvg%22%3E%3Crect%20width%3D%22100%%22%20height%3D%22100%%22%20fill%3D%22transparent%22%2F%3E%3C%2Fsvg%3E\" alt=\"360 meridianos\" width=\"350\" height=\"262\" \/><\/p>\n<p style=\"text-align: center;\"><em>Foto: <a href=\"\/\/www.360meridianos.com\/2018\/06\/ingles-na-irlanda.html\" target=\"_blank\" rel=\"noopener noreferrer\">360 Meridianos<\/a><\/em><\/p>\n<h2>8. Jair Rebello e Nayara Rebello (Casal N\u00f4made)<\/h2>\n<p>Imagine encontrar seu par perfeito e ainda descobrir que ele tem os mesmos objetivos de vida que voc\u00ea? Foi isso que aconteceu com o <a href=\"\/\/casalnomade.com\/\" target=\"_blank\" rel=\"noopener noreferrer\">Casal N\u00f4made<\/a>, que decidiu se aventurar junto pelo mundo e viver de blog.<\/p>\n<p>A rotina desses viajantes \u00e9 um pouco imprevis\u00edvel (no bom sentido). Eles j\u00e1 passaram por situa\u00e7\u00f5es inusitadas, tipo trabalhar de madrugada para atender clientes no outro fuso, e garantem que flexibilidade \u00e9 o que mais valorizaram nessa jornada. Eventualmente, nem todo destino \u00e9 aquele para\u00edso do Instagram, mas acabam tirando uma li\u00e7\u00e3o ou outra quando as coisas d\u00e3o errado.<\/p>\n<p>Trabalhando com produ\u00e7\u00e3o de conte\u00fado e promovendo marcas enquanto conhecem todos os seus destinos dos sonhos, esse casal \u00e9 uma empresa ambulante e viaja sempre levando consigo um notebook, uma c\u00e2mera e todo o escrit\u00f3rio junto.<\/p>\n<p><img data-opt-id=577901857  data-opt-src=\"https:\/\/mlgzkyrbq6eh.i.optimole.com\/w:auto\/h:auto\/q:mauto\/https:\/\/pingback.com\/br\/talent-blog\/wp-content\/uploads\/2018\/06\/IMG_0574-1024x683-e1528293601540.jpg\"  loading=\"lazy\" loading=\"lazy\" loading=\"lazy\" loading=\"lazy\" loading=\"lazy\" decoding=\"async\" class=\"aligncenter size-full wp-image-9586\" src=\"data:image/svg+xml,%3Csvg%20viewBox%3D%220%200%20100%%20100%%22%20width%3D%22100%%22%20height%3D%22100%%22%20xmlns%3D%22http%3A%2F%2Fwww.w3.org%2F2000%2Fsvg%22%3E%3Crect%20width%3D%22100%%22%20height%3D%22100%%22%20fill%3D%22transparent%22%2F%3E%3C%2Fsvg%3E\" alt=\"Casal N\u00f4made\" width=\"350\" height=\"277\" \/><\/p>\n<p style=\"text-align: center;\"><em>Foto:\u00a0<a href=\"\/\/casalnomade.com\/sobre-nos\/\" target=\"_blank\" rel=\"noopener noreferrer\">Casal N\u00f4made<\/a><\/em><\/p>\n<h2>9. Priscila Kamoi<\/h2>\n<p><a href=\"https:\/\/jornadakamoi.com\/\" target=\"_blank\" rel=\"noopener noreferrer\">Kamoi<\/a> queria escrever um livro, conhecer o mundo e viver fazendo aquilo que gosta. Ent\u00e3o, colocou uma mochila nas costas e deu in\u00edcio a sua jornada. Agora, al\u00e9m de ser uma blogueira ela tamb\u00e9m cria roteiros de viagens personalizados e ensina empreendedorismo para os seus milhares de seguidores.<\/p>\n<p><img data-opt-id=1189274990  data-opt-src=\"https:\/\/mlgzkyrbq6eh.i.optimole.com\/w:auto\/h:auto\/q:mauto\/https:\/\/pingback.com\/br\/talent-blog\/wp-content\/uploads\/2018\/06\/29740126_386394175103423_7195639146583425024_n-e1528293785737.jpg\"  loading=\"lazy\" loading=\"lazy\" loading=\"lazy\" loading=\"lazy\" loading=\"lazy\" decoding=\"async\" class=\"aligncenter wp-image-9587 size-full\" src=\"data:image/svg+xml,%3Csvg%20viewBox%3D%220%200%20100%%20100%%22%20width%3D%22100%%22%20height%3D%22100%%22%20xmlns%3D%22http%3A%2F%2Fwww.w3.org%2F2000%2Fsvg%22%3E%3Crect%20width%3D%22100%%22%20height%3D%22100%%22%20fill%3D%22transparent%22%2F%3E%3C%2Fsvg%3E\" alt=\"Priscila Kamoi\" width=\"350\" height=\"350\" \/><\/p>\n<p style=\"text-align: center;\"><em>Foto: <a href=\"\/\/www.instagram.com\/p\/BhO7iGDAEvg\/?taken-by=priscilakamoi\" target=\"_blank\" rel=\"noopener noreferrer\">@priscilakamoi<\/a><\/em><\/p>\n<h2>10. Marcus Lucas<\/h2>\n<p>O blog <a href=\"\/\/libertacaodigital.com\/\" target=\"_blank\" rel=\"noopener noreferrer\">Liberta\u00e7\u00e3o Digital<\/a>, de Marcus Lucas, \u00e9 focado em como hoje temos a possibilidade de deixar os escrit\u00f3rios de lado e ainda assim vivermos vidas profissionais plenas.<\/p>\n<p>Por isso, o mestre em Sistemas de Informa\u00e7\u00e3o ensina como se tornar um n\u00f4made digital, o que \u00e9 preciso para empreender e motiva seus seguidores a perseguirem seus sonhos diariamente por meio de seu website.<\/p>\n<p><img data-opt-id=161255717  data-opt-src=\"https:\/\/mlgzkyrbq6eh.i.optimole.com\/w:auto\/h:auto\/q:mauto\/https:\/\/pingback.com\/br\/talent-blog\/wp-content\/uploads\/2018\/06\/28156651_194778424633272_1442022711147626496_n-e1528294056678.jpg\"  loading=\"lazy\" loading=\"lazy\" loading=\"lazy\" loading=\"lazy\" loading=\"lazy\" decoding=\"async\" class=\"aligncenter size-full wp-image-9588\" src=\"data:image/svg+xml,%3Csvg%20viewBox%3D%220%200%20100%%20100%%22%20width%3D%22100%%22%20height%3D%22100%%22%20xmlns%3D%22http%3A%2F%2Fwww.w3.org%2F2000%2Fsvg%22%3E%3Crect%20width%3D%22100%%22%20height%3D%22100%%22%20fill%3D%22transparent%22%2F%3E%3C%2Fsvg%3E\" alt=\"Marcus Lucas\" width=\"350\" height=\"350\" \/><\/p>\n<p style=\"text-align: center;\"><em>Foto: <a href=\"\/\/www.instagram.com\/p\/Bf38-fiHpk0\/\" target=\"_blank\" rel=\"noopener noreferrer\">@marcuslucas<\/a><\/em><\/p>\n<h2>11. Guilherme Tetamanti<\/h2>\n<p>O blog <a href=\"\/\/www.queroviajarmais.com\/\" target=\"_blank\" rel=\"noopener noreferrer\">Quero Viajar Mais<\/a>, do n\u00f4made digital Guilherme Tetamanti foi criado para mostrar que esse estilo de vida est\u00e1 ao alcance de todos. Ali s\u00e3o publicadas curiosidades, li\u00e7\u00f5es e apertos pelos quais Guilherme passou at\u00e9 atingir a estabilidade nessa carreira.<\/p>\n<p>Durante a trajet\u00f3ria dele, algumas barreiras culturais e at\u00e9 choques de rotina entre pa\u00edses apareceram. Nem sempre rola glamour: teve perrengue com idioma, falta de Wi-Fi em aeroporto, e aquela paci\u00eancia de santo para resolver burocracia em solo estrangeiro, claro. Mesmo assim, a vontade de continuar na estrada parece n\u00e3o diminuir nunca \u2014 se bobear, s\u00f3 aumenta.<\/p>\n<p>Como resultado dos esfor\u00e7os, o blogueiro brasileiro hoje leva a vida entre um pa\u00eds e outro e ensinando tudo que aprendeu nessa jornada.<\/p>\n<p><img data-opt-id=572904068  data-opt-src=\"https:\/\/mlgzkyrbq6eh.i.optimole.com\/w:auto\/h:auto\/q:mauto\/https:\/\/pingback.com\/br\/talent-blog\/wp-content\/uploads\/2018\/06\/14547681_1769037326717136_1648729076103380992_n-e1528294213529.jpg\"  loading=\"lazy\" loading=\"lazy\" loading=\"lazy\" loading=\"lazy\" loading=\"lazy\" decoding=\"async\" class=\"aligncenter size-full wp-image-9589\" src=\"data:image/svg+xml,%3Csvg%20viewBox%3D%220%200%20100%%20100%%22%20width%3D%22100%%22%20height%3D%22100%%22%20xmlns%3D%22http%3A%2F%2Fwww.w3.org%2F2000%2Fsvg%22%3E%3Crect%20width%3D%22100%%22%20height%3D%22100%%22%20fill%3D%22transparent%22%2F%3E%3C%2Fsvg%3E\" alt=\"Guilherme Tetamanti\" width=\"350\" height=\"350\" \/><\/p>\n<p style=\"text-align: center;\"><em>Foto: <a href=\"\/\/www.instagram.com\/p\/BLR1KjODsHB\/?taken-by=guitetamanti\" target=\"_blank\" rel=\"noopener noreferrer\">@guitetamanti<\/a><\/em><\/p>\n<h2>12. Paula Guimar\u00e3es e Renan Baptista<\/h2>\n<p>Paula e Renan s\u00e3o namorados e resolveram sair numa viagem desde que voltaram de suas f\u00e9rias em 2013. O resultado foi um blog excelente, que conta a hist\u00f3ria deles pelos mais de 100 mil quil\u00f4metros percorridos nos \u00faltimos anos.<\/p>\n<p><a href=\"https:\/\/www.outsidersbrazil.com.br\/os-outsiders\/quem-somos\/\" target=\"_blank\" rel=\"noopener noreferrer\">Os Outsiders<\/a> querem incentivar outras pessoas a ca\u00edrem na estrada sem deixar de lado as pr\u00f3prias carreiras. Por isso, buscam inspirar seus leitores para explorar o desconhecido e sair de suas zonas de conforto.<\/p>\n<p><img data-opt-id=212800549  data-opt-src=\"https:\/\/mlgzkyrbq6eh.i.optimole.com\/w:auto\/h:auto\/q:mauto\/https:\/\/pingback.com\/br\/talent-blog\/wp-content\/uploads\/2018\/06\/out-e1528294396546.jpg\"  loading=\"lazy\" loading=\"lazy\" loading=\"lazy\" loading=\"lazy\" loading=\"lazy\" decoding=\"async\" class=\"aligncenter wp-image-9590 size-full\" src=\"data:image/svg+xml,%3Csvg%20viewBox%3D%220%200%20100%%20100%%22%20width%3D%22100%%22%20height%3D%22100%%22%20xmlns%3D%22http%3A%2F%2Fwww.w3.org%2F2000%2Fsvg%22%3E%3Crect%20width%3D%22100%%22%20height%3D%22100%%22%20fill%3D%22transparent%22%2F%3E%3C%2Fsvg%3E\" alt=\"Outsiders Brazil\" width=\"350\" height=\"233\" \/><\/p>\n<p style=\"text-align: center;\"><em>Foto<\/em>:\u00a0<a href=\"https:\/\/www.outsidersbrazil.com.br\/os-outsiders\/quem-somos\/\" target=\"_blank\" rel=\"noopener noreferrer\">Outsiders Brazil<\/a><\/p>\n<h2>13. Patricia Figueira e Vin\u00edcius Teles (Casal Partiu)<\/h2>\n<p>O <a href=\"\/\/casalpartiu.com.br\/\" target=\"_blank\" rel=\"noopener noreferrer\">Casal Partiu<\/a> saiu do Brasil para a Argentina em 2010 e nunca mais parou. Ali, foram apresentados ao conceito de nomadismo digital e come\u00e7aram a levar a ideia a s\u00e9rio. Como ambos j\u00e1 trabalhavam remotamente foram se organizando para fazer isso e come\u00e7aram a publicar as suas aventuras na internet.<\/p>\n<p><img data-opt-id=884749426  data-opt-src=\"https:\/\/mlgzkyrbq6eh.i.optimole.com\/w:auto\/h:auto\/q:mauto\/https:\/\/pingback.com\/br\/talent-blog\/wp-content\/uploads\/2018\/06\/31928325_460064881096194_3093505106100879360_n-e1528294886204.jpg\"  loading=\"lazy\" loading=\"lazy\" loading=\"lazy\" loading=\"lazy\" loading=\"lazy\" decoding=\"async\" class=\"aligncenter size-full wp-image-9591\" src=\"data:image/svg+xml,%3Csvg%20viewBox%3D%220%200%20100%%20100%%22%20width%3D%22100%%22%20height%3D%22100%%22%20xmlns%3D%22http%3A%2F%2Fwww.w3.org%2F2000%2Fsvg%22%3E%3Crect%20width%3D%22100%%22%20height%3D%22100%%22%20fill%3D%22transparent%22%2F%3E%3C%2Fsvg%3E\" alt=\"Casal Partiu\" width=\"350\" height=\"233\" \/><\/p>\n<p style=\"text-align: center;\"><em>Foto: <a href=\"\/\/www.instagram.com\/p\/BjCMxfhlxpp\/?taken-by=casalpartiu\" target=\"_blank\" rel=\"noopener noreferrer\">@casalpartiu<\/a><\/em><\/p>\n<h2>14. Clara Baccarin<\/h2>\n<p>Clara \u00e9 escritora e queria conhecer outras hist\u00f3rias para publicar. Por isso, escolheu a vida de n\u00f4made para <a href=\"https:\/\/pingback.com\/br\/talent-blog\/criatividade\/\" target=\"_blank\" rel=\"noopener noreferrer\">encontrar inspira\u00e7\u00e3o<\/a>. Hoje, al\u00e9m de publicar em seu <a href=\"https:\/\/www.clarabaccarin.com\/\" target=\"_blank\" rel=\"noopener noreferrer\">blog<\/a>, j\u00e1 escreveu pelo menos dois livros e busca mostrar para os seus seguidores que \u00e9 poss\u00edvel levar esse estilo de vida diferente e aprender muito ao longo das viagens.<\/p>\n<p><img data-opt-id=1532070947  data-opt-src=\"https:\/\/mlgzkyrbq6eh.i.optimole.com\/w:auto\/h:auto\/q:mauto\/https:\/\/pingback.com\/br\/talent-blog\/wp-content\/uploads\/2018\/06\/download-e1528295078642.jpg\"  loading=\"lazy\" loading=\"lazy\" loading=\"lazy\" loading=\"lazy\" loading=\"lazy\" decoding=\"async\" class=\"aligncenter size-full wp-image-9592\" src=\"data:image/svg+xml,%3Csvg%20viewBox%3D%220%200%20100%%20100%%22%20width%3D%22100%%22%20height%3D%22100%%22%20xmlns%3D%22http%3A%2F%2Fwww.w3.org%2F2000%2Fsvg%22%3E%3Crect%20width%3D%22100%%22%20height%3D%22100%%22%20fill%3D%22transparent%22%2F%3E%3C%2Fsvg%3E\" alt=\"Clara Baccarin\" width=\"350\" height=\"263\" \/><\/p>\n<p style=\"text-align: center;\"><em>Foto: <a href=\"https:\/\/www.clarabaccarin.com\/sobre-clara-baccarin\/\" target=\"_blank\" rel=\"noopener noreferrer\">Clara Baccarin<\/a><\/em><\/p>\n<h2>15. Thaisy e Roger (Di\u00e1rio N\u00f4made)<\/h2>\n<p>O <a href=\"https:\/\/www.diarionomade.com.br\/\" target=\"_blank\" rel=\"noopener noreferrer\">Di\u00e1rio N\u00f4made<\/a> come\u00e7ou para arquivar hist\u00f3rias e lugares conhecidos pelo casal. E pouco a pouco tornou-se tamb\u00e9m uma forma de trocar experi\u00eancias com internautas. Seus autores s\u00e3o hoje trabalhadores remotos que, sempre que podem, d\u00e3o uma escapada para conhecer as cidades em que se hospedam.<\/p>\n<p><img data-opt-id=275205134  data-opt-src=\"https:\/\/mlgzkyrbq6eh.i.optimole.com\/w:auto\/h:auto\/q:mauto\/https:\/\/pingback.com\/br\/talent-blog\/wp-content\/uploads\/2018\/06\/TREY0257-e1528295335984.jpg\"  loading=\"lazy\" loading=\"lazy\" loading=\"lazy\" loading=\"lazy\" loading=\"lazy\" decoding=\"async\" class=\"aligncenter wp-image-9594 size-full\" src=\"data:image/svg+xml,%3Csvg%20viewBox%3D%220%200%20100%%20100%%22%20width%3D%22100%%22%20height%3D%22100%%22%20xmlns%3D%22http%3A%2F%2Fwww.w3.org%2F2000%2Fsvg%22%3E%3Crect%20width%3D%22100%%22%20height%3D%22100%%22%20fill%3D%22transparent%22%2F%3E%3C%2Fsvg%3E\" alt=\"Di\u00e1rio N\u00f4made\" width=\"350\" height=\"233\" \/><\/p>\n<p style=\"text-align: center;\"><em>Foto: <a href=\"https:\/\/www.diarionomade.com.br\/quem-somos\/\" target=\"_blank\" rel=\"noopener noreferrer\">Di\u00e1rio N\u00f4made<\/a><\/em><\/p>\n<h2>16. Bruno Picinini (Empreendedor Digital)<\/h2>\n<p>O <a href=\"\/\/www.empreendedor-digital.com\/\" target=\"_blank\" rel=\"noopener noreferrer\">Empreendedor Digital<\/a> largou tudo que tinha para come\u00e7ar de novo. E esse recome\u00e7o consistia em conhecer o mundo e se dedicar aos seus pr\u00f3prios projetos. Bruno Picinini redefiniu suas prioridades em torno da liberdade e tenta mostrar para outras pessoas que fazer isso \u00e9 muito mais importante do que ter dinheiro em conta ou outras caracter\u00edsticas comumente associadas \u00e0 estabilidade profissional.<\/p>\n<p><img data-opt-id=87131645  data-opt-src=\"https:\/\/mlgzkyrbq6eh.i.optimole.com\/w:auto\/h:auto\/q:mauto\/https:\/\/pingback.com\/br\/talent-blog\/wp-content\/uploads\/2018\/06\/29717256_371696520014426_8373049420840697856_n-e1528298996553.jpg\"  loading=\"lazy\" loading=\"lazy\" loading=\"lazy\" loading=\"lazy\" loading=\"lazy\" decoding=\"async\" class=\"aligncenter size-full wp-image-9595\" src=\"data:image/svg+xml,%3Csvg%20viewBox%3D%220%200%20100%%20100%%22%20width%3D%22100%%22%20height%3D%22100%%22%20xmlns%3D%22http%3A%2F%2Fwww.w3.org%2F2000%2Fsvg%22%3E%3Crect%20width%3D%22100%%22%20height%3D%22100%%22%20fill%3D%22transparent%22%2F%3E%3C%2Fsvg%3E\" alt=\"Bruno Picinini\" width=\"350\" height=\"262\" \/><\/p>\n<p style=\"text-align: center;\"><em>Foto: <a href=\"\/\/www.instagram.com\/p\/BhXZXvBH0rQ\/?taken-by=brunopicinini\" target=\"_blank\" rel=\"noopener noreferrer\">@brunopicinini<\/a><\/em><\/p>\n","protected":false},"excerpt":{"rendered":"<p>Seu sonho sempre foi viajar o mundo, mas n\u00e3o sabe como \u00e9 poss\u00edvel fazer isso trabalhando? Listamos alguns dos blogueiros brasileiros que equilibram as duas tarefas e fazem parte da gera\u00e7\u00e3o conhecida como n\u00f4mades digitais. S\u00e3o n\u00f4mades digitais todas aquelas pessoas que conseguem executar as respectivas fun\u00e7\u00f5es remotamente e, portanto, t\u00eam liberdade para trabalhar quando [&hellip;]<\/p>\n","protected":false},"author":1,"featured_media":48684,"comment_status":"closed","ping_status":"open","sticky":false,"template":"","format":"standard","meta":{"om_disable_all_campaigns":false,"footnotes":""},"categories":[1],"tags":[],"class_list":["post-45922","post","type-post","status-publish","format-standard","has-post-thumbnail","hentry","category-sem-categoria"],"yoast_head":"<!-- This site is optimized with the Yoast SEO plugin v25.5 - https:\/\/yoast.com\/wordpress\/plugins\/seo\/ -->\n<title>16 blogueiros brasileiros que viajam o mundo com estilo - Pingback<\/title>\n<meta name=\"description\" content=\"Conhe\u00e7a as incr\u00edveis hist\u00f3rias de 16 blogueiros brasileiros que fugiram do padr\u00e3o e ganham a vida pelo mundo como n\u00f4mades digitais!\" \/>\n<meta name=\"robots\" content=\"index, follow, max-snippet:-1, max-image-preview:large, max-video-preview:-1\" \/>\n<link rel=\"canonical\" href=\"https:\/\/pingback.com\/br\/talent-blog\/blogueiros-brasileiros\/\" \/>\n<meta property=\"og:locale\" content=\"pt_BR\" \/>\n<meta property=\"og:type\" content=\"article\" \/>\n<meta property=\"og:title\" content=\"16 blogueiros brasileiros que viajam o mundo com estilo - Pingback\" \/>\n<meta property=\"og:description\" content=\"Conhe\u00e7a as incr\u00edveis hist\u00f3rias de 16 blogueiros brasileiros que fugiram do padr\u00e3o e ganham a vida pelo mundo como n\u00f4mades digitais!\" \/>\n<meta property=\"og:url\" content=\"https:\/\/pingback.com\/br\/talent-blog\/blogueiros-brasileiros\/\" \/>\n<meta property=\"og:site_name\" content=\"Pingback\" \/>\n<meta property=\"article:published_time\" content=\"2018-06-06T03:00:00+00:00\" \/>\n<meta property=\"article:modified_time\" content=\"2025-09-12T03:00:46+00:00\" \/>\n<meta name=\"author\" content=\"Carolina\" \/>\n<meta name=\"twitter:card\" content=\"summary_large_image\" \/>\n<meta name=\"twitter:label1\" content=\"Escrito por\" \/>\n\t<meta name=\"twitter:data1\" content=\"Carolina\" \/>\n\t<meta name=\"twitter:label2\" content=\"Est. tempo de leitura\" \/>\n\t<meta name=\"twitter:data2\" content=\"8 minutos\" \/>\n<script type=\"application\/ld+json\" class=\"yoast-schema-graph\">{\"@context\":\"https:\/\/schema.org\",\"@graph\":[{\"@type\":\"WebPage\",\"@id\":\"https:\/\/pingback.com\/br\/talent-blog\/blogueiros-brasileiros\/\",\"url\":\"https:\/\/pingback.com\/br\/talent-blog\/blogueiros-brasileiros\/\",\"name\":\"16 blogueiros brasileiros que viajam o mundo com estilo - Pingback\",\"isPartOf\":{\"@id\":\"https:\/\/pingback.com\/br\/talent-blog\/#website\"},\"primaryImageOfPage\":{\"@id\":\"https:\/\/pingback.com\/br\/talent-blog\/blogueiros-brasileiros\/#primaryimage\"},\"image\":{\"@id\":\"https:\/\/pingback.com\/br\/talent-blog\/blogueiros-brasileiros\/#primaryimage\"},\"thumbnailUrl\":\"\",\"datePublished\":\"2018-06-06T03:00:00+00:00\",\"dateModified\":\"2025-09-12T03:00:46+00:00\",\"author\":{\"@id\":\"https:\/\/pingback.com\/br\/talent-blog\/#\/schema\/person\/9b311ad5f66da17bfcbe89b9088c280a\"},\"description\":\"Conhe\u00e7a as incr\u00edveis hist\u00f3rias de 16 blogueiros brasileiros que fugiram do padr\u00e3o e ganham a vida pelo mundo como n\u00f4mades digitais!\",\"breadcrumb\":{\"@id\":\"https:\/\/pingback.com\/br\/talent-blog\/blogueiros-brasileiros\/#breadcrumb\"},\"inLanguage\":\"pt-BR\",\"potentialAction\":[{\"@type\":\"ReadAction\",\"target\":[\"https:\/\/pingback.com\/br\/talent-blog\/blogueiros-brasileiros\/\"]}]},{\"@type\":\"ImageObject\",\"inLanguage\":\"pt-BR\",\"@id\":\"https:\/\/pingback.com\/br\/talent-blog\/blogueiros-brasileiros\/#primaryimage\",\"url\":\"\",\"contentUrl\":\"\"},{\"@type\":\"BreadcrumbList\",\"@id\":\"https:\/\/pingback.com\/br\/talent-blog\/blogueiros-brasileiros\/#breadcrumb\",\"itemListElement\":[{\"@type\":\"ListItem\",\"position\":1,\"name\":\"In\u00edcio\",\"item\":\"https:\/\/pingback.com\/br\/talent-blog\/\"},{\"@type\":\"ListItem\",\"position\":2,\"name\":\"16 blogueiros brasileiros que viajam o mundo com estilo\"}]},{\"@type\":\"WebSite\",\"@id\":\"https:\/\/pingback.com\/br\/talent-blog\/#website\",\"url\":\"https:\/\/pingback.com\/br\/talent-blog\/\",\"name\":\"Pingback\",\"description\":\"Marketing for builders\",\"potentialAction\":[{\"@type\":\"SearchAction\",\"target\":{\"@type\":\"EntryPoint\",\"urlTemplate\":\"https:\/\/pingback.com\/br\/talent-blog\/?s={search_term_string}\"},\"query-input\":{\"@type\":\"PropertyValueSpecification\",\"valueRequired\":true,\"valueName\":\"search_term_string\"}}],\"inLanguage\":\"pt-BR\"},{\"@type\":\"Person\",\"@id\":\"https:\/\/pingback.com\/br\/talent-blog\/#\/schema\/person\/9b311ad5f66da17bfcbe89b9088c280a\",\"name\":\"Carolina\",\"image\":{\"@type\":\"ImageObject\",\"inLanguage\":\"pt-BR\",\"@id\":\"https:\/\/pingback.com\/br\/talent-blog\/#\/schema\/person\/image\/\",\"url\":\"https:\/\/secure.gravatar.com\/avatar\/70cde532238b4f8bf4a6e7e589ff0a259eda38fa966564ca7ed7d23e61c27774?s=96&d=mm&r=g\",\"contentUrl\":\"https:\/\/secure.gravatar.com\/avatar\/70cde532238b4f8bf4a6e7e589ff0a259eda38fa966564ca7ed7d23e61c27774?s=96&d=mm&r=g\",\"caption\":\"Carolina\"},\"sameAs\":[\"https:\/\/pingback.com\"],\"url\":\"https:\/\/pingback.com\/br\/talent-blog\/author\/adm1n\/\"}]}<\/script>\n<!-- \/ Yoast SEO plugin. -->","yoast_head_json":{"title":"16 blogueiros brasileiros que viajam o mundo com estilo - Pingback","description":"Conhe\u00e7a as incr\u00edveis hist\u00f3rias de 16 blogueiros brasileiros que fugiram do padr\u00e3o e ganham a vida pelo mundo como n\u00f4mades digitais!","robots":{"index":"index","follow":"follow","max-snippet":"max-snippet:-1","max-image-preview":"max-image-preview:large","max-video-preview":"max-video-preview:-1"},"canonical":"https:\/\/pingback.com\/br\/talent-blog\/blogueiros-brasileiros\/","og_locale":"pt_BR","og_type":"article","og_title":"16 blogueiros brasileiros que viajam o mundo com estilo - Pingback","og_description":"Conhe\u00e7a as incr\u00edveis hist\u00f3rias de 16 blogueiros brasileiros que fugiram do padr\u00e3o e ganham a vida pelo mundo como n\u00f4mades digitais!","og_url":"https:\/\/pingback.com\/br\/talent-blog\/blogueiros-brasileiros\/","og_site_name":"Pingback","article_published_time":"2018-06-06T03:00:00+00:00","article_modified_time":"2025-09-12T03:00:46+00:00","author":"Carolina","twitter_card":"summary_large_image","twitter_misc":{"Escrito por":"Carolina","Est. tempo de leitura":"8 minutos"},"schema":{"@context":"https:\/\/schema.org","@graph":[{"@type":"WebPage","@id":"https:\/\/pingback.com\/br\/talent-blog\/blogueiros-brasileiros\/","url":"https:\/\/pingback.com\/br\/talent-blog\/blogueiros-brasileiros\/","name":"16 blogueiros brasileiros que viajam o mundo com estilo - Pingback","isPartOf":{"@id":"https:\/\/pingback.com\/br\/talent-blog\/#website"},"primaryImageOfPage":{"@id":"https:\/\/pingback.com\/br\/talent-blog\/blogueiros-brasileiros\/#primaryimage"},"image":{"@id":"https:\/\/pingback.com\/br\/talent-blog\/blogueiros-brasileiros\/#primaryimage"},"thumbnailUrl":"","datePublished":"2018-06-06T03:00:00+00:00","dateModified":"2025-09-12T03:00:46+00:00","author":{"@id":"https:\/\/pingback.com\/br\/talent-blog\/#\/schema\/person\/9b311ad5f66da17bfcbe89b9088c280a"},"description":"Conhe\u00e7a as incr\u00edveis hist\u00f3rias de 16 blogueiros brasileiros que fugiram do padr\u00e3o e ganham a vida pelo mundo como n\u00f4mades digitais!","breadcrumb":{"@id":"https:\/\/pingback.com\/br\/talent-blog\/blogueiros-brasileiros\/#breadcrumb"},"inLanguage":"pt-BR","potentialAction":[{"@type":"ReadAction","target":["https:\/\/pingback.com\/br\/talent-blog\/blogueiros-brasileiros\/"]}]},{"@type":"ImageObject","inLanguage":"pt-BR","@id":"https:\/\/pingback.com\/br\/talent-blog\/blogueiros-brasileiros\/#primaryimage","url":"","contentUrl":""},{"@type":"BreadcrumbList","@id":"https:\/\/pingback.com\/br\/talent-blog\/blogueiros-brasileiros\/#breadcrumb","itemListElement":[{"@type":"ListItem","position":1,"name":"In\u00edcio","item":"https:\/\/pingback.com\/br\/talent-blog\/"},{"@type":"ListItem","position":2,"name":"16 blogueiros brasileiros que viajam o mundo com estilo"}]},{"@type":"WebSite","@id":"https:\/\/pingback.com\/br\/talent-blog\/#website","url":"https:\/\/pingback.com\/br\/talent-blog\/","name":"Pingback","description":"Marketing for builders","potentialAction":[{"@type":"SearchAction","target":{"@type":"EntryPoint","urlTemplate":"https:\/\/pingback.com\/br\/talent-blog\/?s={search_term_string}"},"query-input":{"@type":"PropertyValueSpecification","valueRequired":true,"valueName":"search_term_string"}}],"inLanguage":"pt-BR"},{"@type":"Person","@id":"https:\/\/pingback.com\/br\/talent-blog\/#\/schema\/person\/9b311ad5f66da17bfcbe89b9088c280a","name":"Carolina","image":{"@type":"ImageObject","inLanguage":"pt-BR","@id":"https:\/\/pingback.com\/br\/talent-blog\/#\/schema\/person\/image\/","url":"https:\/\/secure.gravatar.com\/avatar\/70cde532238b4f8bf4a6e7e589ff0a259eda38fa966564ca7ed7d23e61c27774?s=96&d=mm&r=g","contentUrl":"https:\/\/secure.gravatar.com\/avatar\/70cde532238b4f8bf4a6e7e589ff0a259eda38fa966564ca7ed7d23e61c27774?s=96&d=mm&r=g","caption":"Carolina"},"sameAs":["https:\/\/pingback.com"],"url":"https:\/\/pingback.com\/br\/talent-blog\/author\/adm1n\/"}]}},"_links":{"self":[{"href":"https:\/\/pingback.com\/br\/talent-blog\/wp-json\/wp\/v2\/posts\/45922","targetHints":{"allow":["GET"]}}],"collection":[{"href":"https:\/\/pingback.com\/br\/talent-blog\/wp-json\/wp\/v2\/posts"}],"about":[{"href":"https:\/\/pingback.com\/br\/talent-blog\/wp-json\/wp\/v2\/types\/post"}],"author":[{"embeddable":true,"href":"https:\/\/pingback.com\/br\/talent-blog\/wp-json\/wp\/v2\/users\/1"}],"replies":[{"embeddable":true,"href":"https:\/\/pingback.com\/br\/talent-blog\/wp-json\/wp\/v2\/comments?post=45922"}],"version-history":[{"count":5,"href":"https:\/\/pingback.com\/br\/talent-blog\/wp-json\/wp\/v2\/posts\/45922\/revisions"}],"predecessor-version":[{"id":76457,"href":"https:\/\/pingback.com\/br\/talent-blog\/wp-json\/wp\/v2\/posts\/45922\/revisions\/76457"}],"wp:featuredmedia":[{"embeddable":true,"href":"https:\/\/pingback.com\/br\/talent-blog\/wp-json\/"}],"wp:attachment":[{"href":"https:\/\/pingback.com\/br\/talent-blog\/wp-json\/wp\/v2\/media?parent=45922"}],"wp:term":[{"taxonomy":"category","embeddable":true,"href":"https:\/\/pingback.com\/br\/talent-blog\/wp-json\/wp\/v2\/categories?post=45922"},{"taxonomy":"post_tag","embeddable":true,"href":"https:\/\/pingback.com\/br\/talent-blog\/wp-json\/wp\/v2\/tags?post=45922"}],"curies":[{"name":"wp","href":"https:\/\/api.w.org\/{rel}","templated":true}]}}